{"id":7772,"date":"2026-08-27T19:53:31","date_gmt":"2026-08-27T17:53:31","guid":{"rendered":"https:\/\/inserail.es\/?p=7772"},"modified":"2026-08-27T19:53:32","modified_gmt":"2026-08-27T17:53:32","slug":"inse-rail-culmina-la-seva-participacio-en-importants-projectes-de-modernitzacio-ferroviaria-a-portugal","status":"publish","type":"post","link":"https:\/\/inserail.es\/ca\/inse-rail-culmina-la-seva-participacio-en-importants-projectes-de-modernitzacio-ferroviaria-a-portugal\/","title":{"rendered":"INSE RAIL culmina la seva participaci\u00f3 en importants projectes de modernitzaci\u00f3 ferrovi\u00e0ria a Portugal"},"content":{"rendered":"\n<p class=\"wp-block-paragraph\">INSE RAIL ha culminat aquest mes d\u2019agost, juntament amb FASE \u2013 Estudos e Projectos, S.A., la seva participaci\u00f3 en un important conjunt d\u2019actuacions de modernitzaci\u00f3 de la xarxa ferrovi\u00e0ria nacional de Portugal per a&nbsp;<strong>Infraestruturas de Portugal (IP)<\/strong>, consolidant una traject\u00f2ria de diversos anys de col\u00b7laboraci\u00f3 en projectes ferroviaris d\u2019elevada complexitat t\u00e8cnica.<\/p>\n\n\n\n<p class=\"wp-block-paragraph\">Els treballs han compr\u00e8s actuacions en diferents trams de les l\u00ednies del&nbsp;<strong>Minho, Nord i Oest<\/strong>, aix\u00ed com en els ramals d\u2019Alfarelos i Louri\u00e7al, a m\u00e9s d\u2019actuacions a les estacions de&nbsp;<strong>Campolide, Oriente, Alverca i Azambuja<\/strong>. El conjunt dels treballs ha incl\u00f2s la instal\u00b7laci\u00f3 i posada en servei de nous sistemes de senyalitzaci\u00f3 electr\u00f2nica, sistemes de telecomunicacions, control de velocitat&nbsp;<strong>ETCS Nivell 1<\/strong>, integraci\u00f3 de sistemes de senyalitzaci\u00f3 als Centres de Comandament Operacional de Porto i Lisboa i diferents actuacions relacionades amb els sistemes d\u2019energia i altres elements de la infraestructura ferrovi\u00e0ria.<\/p>\n\n\n\n<p class=\"wp-block-paragraph\">En el marc d\u2019aquestes actuacions, INSE RAIL ha aportat equips especialitzats en&nbsp;<strong>senyalitzaci\u00f3, telecomunicacions, retorn del corrent de tracci\u00f3 i terres de protecci\u00f3, ETCS\/ATPN i seguretat i salut en obra<\/strong>, participant en tasques de direcci\u00f3 i coordinaci\u00f3, supervisi\u00f3 i control de l\u2019execuci\u00f3, planificaci\u00f3, costos i quantitats, gesti\u00f3 de la qualitat i coordinaci\u00f3 de la seguretat.<\/p>\n\n\n\n<p class=\"wp-block-paragraph\">El conjunt de les actuacions acompanyades pel consorci ha assolit un valor global de&nbsp;<strong>m\u00e9s de 141 milions d\u2019euros<\/strong>, resultat dels&nbsp;<strong>84,2 milions d\u2019euros<\/strong>&nbsp;corresponents a les actuacions desenvolupades en els diferents trams de la xarxa ferrovi\u00e0ria i els&nbsp;<strong>56,9 milions d\u2019euros<\/strong>&nbsp;associats a les actuacions de modernitzaci\u00f3 de les estacions de Campolide, Oriente, Alverca i Azambuja.<\/p>\n\n\n\n<p class=\"wp-block-paragraph\">La participaci\u00f3 d\u2019INSE RAIL s\u2019ha desenvolupat dins de consorcis liderats per FASE \u2013 Estudos e Projectos, S.A., aportant l\u2019experi\u00e8ncia i l\u2019especialitzaci\u00f3 dels seus equips t\u00e8cnics en senyalitzaci\u00f3, telecomunicacions i sistemes de seguretat ferrovi\u00e0ria. Els certificats emesos per Infraestruturas de Portugal destaquen que els serveis prestats pel consorci es van desenvolupar&nbsp;<strong>de manera plenament satisfact\u00f2ria i eficient<\/strong>, complint les obligacions contractuals i els objectius previstos i demostrant la capacitat i compet\u00e8ncia professional de les empreses i dels seus equips t\u00e8cnics.<\/p>\n\n\n\n<p class=\"wp-block-paragraph\">La finalitzaci\u00f3 d\u2019aquests treballs suposa una nova fita en la traject\u00f2ria d\u2019<strong>INSE RAIL a Portugal<\/strong>, on la companyia ha consolidat una \u00e0mplia experi\u00e8ncia en la supervisi\u00f3 i gesti\u00f3 d\u2019actuacions de senyalitzaci\u00f3, telecomunicacions i sistemes de seguretat ferrovi\u00e0ria, aix\u00ed com una s\u00f2lida relaci\u00f3 de col\u00b7laboraci\u00f3 amb&nbsp;<strong>Infraestruturas de Portugal<\/strong>&nbsp;en la modernitzaci\u00f3 de la xarxa ferrovi\u00e0ria nacional.<\/p>\n\n\n\n<p class=\"wp-block-paragraph\"><\/p>\n\n\n\n<p class=\"wp-block-paragraph\"><em>Font: Inse Rail<\/em><\/p>\n\n\n\n<p class=\"wp-block-paragraph\"><\/p>\n","protected":false},"excerpt":{"rendered":"<p>Els treballs han compr\u00e8s actuacions en diferents trams de les l\u00ednies del\u00a0Minho, Nord i Oest, aix\u00ed com en els ramals d\u2019Alfarelos i Louri\u00e7al, a m\u00e9s d\u2019actuacions a les estacions de\u00a0Campolide, Oriente, Alverca i Azambuja<\/p>\n","protected":false},"author":4,"featured_media":7775,"comment_status":"closed","ping_status":"closed","sticky":false,"template":"","format":"gallery","meta":{"footnotes":""},"categories":[91],"tags":[],"class_list":["post-7772","post","type-post","status-publish","format-gallery","has-post-thumbnail","hentry","category-enginyeria-de-construccio","post_format-post-format-gallery"],"_links":{"self":[{"href":"https:\/\/inserail.es\/ca\/wp-json\/wp\/v2\/posts\/7772","targetHints":{"allow":["GET"]}}],"collection":[{"href":"https:\/\/inserail.es\/ca\/wp-json\/wp\/v2\/posts"}],"about":[{"href":"https:\/\/inserail.es\/ca\/wp-json\/wp\/v2\/types\/post"}],"author":[{"embeddable":true,"href":"https:\/\/inserail.es\/ca\/wp-json\/wp\/v2\/users\/4"}],"replies":[{"embeddable":true,"href":"https:\/\/inserail.es\/ca\/wp-json\/wp\/v2\/comments?post=7772"}],"version-history":[{"count":1,"href":"https:\/\/inserail.es\/ca\/wp-json\/wp\/v2\/posts\/7772\/revisions"}],"predecessor-version":[{"id":7779,"href":"https:\/\/inserail.es\/ca\/wp-json\/wp\/v2\/posts\/7772\/revisions\/7779"}],"wp:featuredmedia":[{"embeddable":true,"href":"https:\/\/inserail.es\/ca\/wp-json\/wp\/v2\/media\/7775"}],"wp:attachment":[{"href":"https:\/\/inserail.es\/ca\/wp-json\/wp\/v2\/media?parent=7772"}],"wp:term":[{"taxonomy":"category","embeddable":true,"href":"https:\/\/inserail.es\/ca\/wp-json\/wp\/v2\/categories?post=7772"},{"taxonomy":"post_tag","embeddable":true,"href":"https:\/\/inserail.es\/ca\/wp-json\/wp\/v2\/tags?post=7772"}],"curies":[{"name":"wp","href":"https:\/\/api.w.org\/{rel}","templated":true}]}}