{"id":7757,"date":"2026-08-27T19:36:05","date_gmt":"2026-08-27T17:36:05","guid":{"rendered":"https:\/\/inserail.es\/?p=7757"},"modified":"2026-08-27T19:36:05","modified_gmt":"2026-08-27T17:36:05","slug":"inse-rail-desenvolupara-el-projecte-i-la-direccio-dobra-del-centre-de-gestio-doperacions-de-renfe-viatgers-a-ourense","status":"publish","type":"post","link":"https:\/\/inserail.es\/ca\/inse-rail-desenvolupara-el-projecte-i-la-direccio-dobra-del-centre-de-gestio-doperacions-de-renfe-viatgers-a-ourense\/","title":{"rendered":"INSE RAIL desenvolupar\u00e0 el projecte i la direcci\u00f3 d\u2019obra del Centre de Gesti\u00f3 d\u2019Operacions de RENFE Viatgers a Ourense"},"content":{"rendered":"\n<p class=\"wp-block-paragraph\"><strong>INSE RAIL ha estat adjudicat\u00e0ria del servei d\u2019assist\u00e8ncia t\u00e8cnica per a la redacci\u00f3 del projecte i la direcci\u00f3 d\u2019obra del Centre de Gesti\u00f3 d\u2019Operacions (CGO) i oficines de RENFE Viatgers a Ourense.<\/strong><\/p>\n\n\n\n<p class=\"wp-block-paragraph\">L\u2019actuaci\u00f3 contempla la&nbsp;<strong>reubicaci\u00f3 i ampliaci\u00f3 de l\u2019actual Centre de Gesti\u00f3 d\u2019Operacions<\/strong>, que es traslladar\u00e0 des de les depend\u00e8ncies de l\u2019estaci\u00f3 d\u2019Ourense a la planta baixa de l\u2019edifici d\u2019oficines de la Base de Manteniment de RENFE. El nou espai acollir\u00e0 tamb\u00e9 les oficines de&nbsp;<strong>Serveis Comercials i Servei P\u00fablic<\/strong>, permetent reorganitzar i adaptar les instal\u00b7lacions a les necessitats operatives de RENFE Viatgers.<\/p>\n\n\n\n<p class=\"wp-block-paragraph\">El contracte compr\u00e8n la&nbsp;<strong>redacci\u00f3 del projecte b\u00e0sic i d\u2019execuci\u00f3<\/strong>&nbsp;i la posterior&nbsp;<strong>assist\u00e8ncia t\u00e8cnica a la direcci\u00f3 d\u2019obra<\/strong>, incloent-hi la coordinaci\u00f3 de seguretat i salut i la coordinaci\u00f3 d\u2019activitats empresarials.<\/p>\n\n\n\n<p class=\"wp-block-paragraph\">Els treballs tindran una durada de&nbsp;<strong>27 mesos<\/strong>, amb una primera fase de quatre mesos destinada a la redacci\u00f3 del projecte i una segona fase vinculada a l\u2019execuci\u00f3 de les obres i a l\u2019assist\u00e8ncia t\u00e8cnica a la seva direcci\u00f3.<\/p>\n\n\n\n<p class=\"wp-block-paragraph\">Amb aquesta nova adjudicaci\u00f3,&nbsp;<strong>INSE RAIL continua consolidant la seva col\u00b7laboraci\u00f3 amb el Grup Renfe i refor\u00e7ant la seva pres\u00e8ncia en projectes d\u2019enginyeria i assist\u00e8ncia t\u00e8cnica vinculats a les instal\u00b7lacions ferrovi\u00e0ries<\/strong>, participant en les diferents fases de l\u2019actuaci\u00f3, des de la definici\u00f3 i redacci\u00f3 del projecte fins a la direcci\u00f3 i seguiment de les obres.<\/p>\n\n\n\n<p class=\"wp-block-paragraph\"><\/p>\n\n\n\n<p class=\"wp-block-paragraph\"><em>Font: Inse Rail<\/em><\/p>\n\n\n\n<p class=\"wp-block-paragraph\"><\/p>\n","protected":false},"excerpt":{"rendered":"<p>L\u2019actuaci\u00f3 contempla la\u00a0reubicaci\u00f3 i ampliaci\u00f3 de l\u2019actual Centre de Gesti\u00f3 d\u2019Operacions, que es traslladar\u00e0 des de les depend\u00e8ncies de l\u2019estaci\u00f3 d\u2019Ourense a la planta baixa de l\u2019edifici d\u2019oficines de la Base de Manteniment de RENFE<\/p>\n","protected":false},"author":4,"featured_media":7760,"comment_status":"closed","ping_status":"closed","sticky":false,"template":"","format":"gallery","meta":{"footnotes":""},"categories":[89,91],"tags":[],"class_list":["post-7757","post","type-post","status-publish","format-gallery","has-post-thumbnail","hentry","category-disseny","category-enginyeria-de-construccio","post_format-post-format-gallery"],"_links":{"self":[{"href":"https:\/\/inserail.es\/ca\/wp-json\/wp\/v2\/posts\/7757","targetHints":{"allow":["GET"]}}],"collection":[{"href":"https:\/\/inserail.es\/ca\/wp-json\/wp\/v2\/posts"}],"about":[{"href":"https:\/\/inserail.es\/ca\/wp-json\/wp\/v2\/types\/post"}],"author":[{"embeddable":true,"href":"https:\/\/inserail.es\/ca\/wp-json\/wp\/v2\/users\/4"}],"replies":[{"embeddable":true,"href":"https:\/\/inserail.es\/ca\/wp-json\/wp\/v2\/comments?post=7757"}],"version-history":[{"count":1,"href":"https:\/\/inserail.es\/ca\/wp-json\/wp\/v2\/posts\/7757\/revisions"}],"predecessor-version":[{"id":7764,"href":"https:\/\/inserail.es\/ca\/wp-json\/wp\/v2\/posts\/7757\/revisions\/7764"}],"wp:featuredmedia":[{"embeddable":true,"href":"https:\/\/inserail.es\/ca\/wp-json\/wp\/v2\/media\/7760"}],"wp:attachment":[{"href":"https:\/\/inserail.es\/ca\/wp-json\/wp\/v2\/media?parent=7757"}],"wp:term":[{"taxonomy":"category","embeddable":true,"href":"https:\/\/inserail.es\/ca\/wp-json\/wp\/v2\/categories?post=7757"},{"taxonomy":"post_tag","embeddable":true,"href":"https:\/\/inserail.es\/ca\/wp-json\/wp\/v2\/tags?post=7757"}],"curies":[{"name":"wp","href":"https:\/\/api.w.org\/{rel}","templated":true}]}}