{"id":7748,"date":"2026-08-25T11:41:21","date_gmt":"2026-08-25T09:41:21","guid":{"rendered":"https:\/\/inserail.es\/?p=7748"},"modified":"2026-08-25T11:41:21","modified_gmt":"2026-08-25T09:41:21","slug":"inse-rail-participa-en-la-millora-de-la-seguretat-i-levacuacio-de-lestacio-de-cercanias-dembajadores","status":"publish","type":"post","link":"https:\/\/inserail.es\/ca\/inse-rail-participa-en-la-millora-de-la-seguretat-i-levacuacio-de-lestacio-de-cercanias-dembajadores\/","title":{"rendered":"INSE RAIL participa en la millora de la seguretat i l\u2019evacuaci\u00f3 de l\u2019estaci\u00f3 de Cercan\u00edas d\u2019Embajadores"},"content":{"rendered":"\n<p class=\"wp-block-paragraph\">Adif ha licitat recentment una nova fase de les actuacions de millora de les estacions madrilenyes d\u2019Embajadores i Laguna, en el marc del pla de modernitzaci\u00f3 de la l\u00ednia C-5 de Cercan\u00edas Madrid. L\u2019actuaci\u00f3 contempla, entre altres mesures, l\u2019ampliaci\u00f3 de les andanes i noves actuacions per millorar l\u2019accessibilitat, l\u2019evacuaci\u00f3 i la ventilaci\u00f3 en cas d\u2019incendi.<\/p>\n\n\n\n<p class=\"wp-block-paragraph\">En el cas de l\u2019estaci\u00f3 subterr\u00e0nia d\u2019Embajadores, aquesta nova actuaci\u00f3 dona continu\u00eftat als treballs de millora de les condicions de seguretat i evacuaci\u00f3 que Adif est\u00e0 desenvolupant a l\u2019estaci\u00f3 i en els quals INSE RAIL ha participat activament.<\/p>\n\n\n\n<p class=\"wp-block-paragraph\">La traject\u00f2ria d\u2019INSE RAIL en aquest \u00e0mbit es va iniciar amb el contracte adjudicat el 2020, en UTE, per a la redacci\u00f3 dels projectes de construcci\u00f3 necessaris per millorar les condicions d\u2019evacuaci\u00f3 i ventilaci\u00f3 en cas d\u2019incendi de les estacions subterr\u00e0nies de Cercan\u00edas d\u2019Embajadores, Getafe Centro i Parla.<\/p>\n\n\n\n<p class=\"wp-block-paragraph\">Posteriorment, el gener de 2025, INSE RAIL va resultar adjudicat\u00e0ria de l\u2019assist\u00e8ncia t\u00e8cnica per al control de les obres d\u2019execuci\u00f3 de les actuacions priorit\u00e0ries de millora de les condicions d\u2019evacuaci\u00f3 i ventilaci\u00f3 de l\u2019estaci\u00f3 d\u2019Embajadores (Fase I), refor\u00e7ant aix\u00ed la seva participaci\u00f3 en el desenvolupament d\u2019aquestes actuacions. Les obres ja han finalitzat.<\/p>\n\n\n\n<p class=\"wp-block-paragraph\">Segons Adif, les actuacions que actualment s\u2019estan ultimant en aquesta primera fase han perm\u00e8s millorar significativament les condicions de seguretat de l\u2019estaci\u00f3, mitjan\u00e7ant la sectoritzaci\u00f3 de la caverna d\u2019andanes, la creaci\u00f3 de quatre vest\u00edbuls d\u2019independ\u00e8ncia pressuritzats, la implantaci\u00f3 de zones de refugi per a persones amb mobilitat redu\u00efda i la renovaci\u00f3 de diferents sistemes de detecci\u00f3 i extinci\u00f3.<\/p>\n\n\n\n<p class=\"wp-block-paragraph\">La nova fase contempla la construcci\u00f3 de quatre noves sortides d\u2019emerg\u00e8ncia, dotades de les corresponents instal\u00b7lacions de protecci\u00f3 i seguretat, cosa que permetr\u00e0 passar de quatre a vuit punts d\u2019evacuaci\u00f3 des de les andanes. Tamb\u00e9 s\u2019ampliaran les andanes, prolongant 30 metres l\u2019actual caverna de l\u2019estaci\u00f3, i es renovaran i integraran diferents instal\u00b7lacions de protecci\u00f3 contra incendis, senyalitzaci\u00f3, il\u00b7luminaci\u00f3, comunicacions i seguretat.<\/p>\n\n\n\n<p class=\"wp-block-paragraph\">Aquestes actuacions formen part del proc\u00e9s de modernitzaci\u00f3 de la l\u00ednia C-5 de Cercan\u00edas Madrid, una de les l\u00ednies amb m\u00e9s demanda de la xarxa, i posen de manifest la import\u00e0ncia de continuar millorant la seguretat, l\u2019accessibilitat i la funcionalitat de les seves infraestructures.<\/p>\n\n\n\n<p class=\"wp-block-paragraph\">Per a INSE RAIL, la seva participaci\u00f3 en les diferents fases d\u2019actuaci\u00f3 a l\u2019estaci\u00f3 d\u2019Embajadores constitueix un nou exemple de la seva experi\u00e8ncia en projectes d\u2019enginyeria ferrovi\u00e0ria vinculats a la seguretat, l\u2019evacuaci\u00f3 i la protecci\u00f3 d\u2019infraestructures ferrovi\u00e0ries complexes, aix\u00ed com de la seva capacitat per acompanyar el client tant en la fase de disseny com durant l\u2019execuci\u00f3 de les obres.<\/p>\n\n\n\n<p class=\"wp-block-paragraph\"><\/p>\n\n\n\n<p class=\"wp-block-paragraph\"><em>Font: Inse Rail<\/em><\/p>\n\n\n\n<p class=\"wp-block-paragraph\"><\/p>\n","protected":false},"excerpt":{"rendered":"<p>Adif ha licitat recentment una nova fase de les actuacions de millora de les estacions madrilenyes d\u2019Embajadores i Laguna, en el marc del pla de modernitzaci\u00f3 de la l\u00ednia C-5 de Cercan\u00edas Madrid<\/p>\n","protected":false},"author":4,"featured_media":7751,"comment_status":"closed","ping_status":"closed","sticky":false,"template":"","format":"gallery","meta":{"footnotes":""},"categories":[89,91],"tags":[],"class_list":["post-7748","post","type-post","status-publish","format-gallery","has-post-thumbnail","hentry","category-disseny","category-enginyeria-de-construccio","post_format-post-format-gallery"],"_links":{"self":[{"href":"https:\/\/inserail.es\/ca\/wp-json\/wp\/v2\/posts\/7748","targetHints":{"allow":["GET"]}}],"collection":[{"href":"https:\/\/inserail.es\/ca\/wp-json\/wp\/v2\/posts"}],"about":[{"href":"https:\/\/inserail.es\/ca\/wp-json\/wp\/v2\/types\/post"}],"author":[{"embeddable":true,"href":"https:\/\/inserail.es\/ca\/wp-json\/wp\/v2\/users\/4"}],"replies":[{"embeddable":true,"href":"https:\/\/inserail.es\/ca\/wp-json\/wp\/v2\/comments?post=7748"}],"version-history":[{"count":1,"href":"https:\/\/inserail.es\/ca\/wp-json\/wp\/v2\/posts\/7748\/revisions"}],"predecessor-version":[{"id":7755,"href":"https:\/\/inserail.es\/ca\/wp-json\/wp\/v2\/posts\/7748\/revisions\/7755"}],"wp:featuredmedia":[{"embeddable":true,"href":"https:\/\/inserail.es\/ca\/wp-json\/wp\/v2\/media\/7751"}],"wp:attachment":[{"href":"https:\/\/inserail.es\/ca\/wp-json\/wp\/v2\/media?parent=7748"}],"wp:term":[{"taxonomy":"category","embeddable":true,"href":"https:\/\/inserail.es\/ca\/wp-json\/wp\/v2\/categories?post=7748"},{"taxonomy":"post_tag","embeddable":true,"href":"https:\/\/inserail.es\/ca\/wp-json\/wp\/v2\/tags?post=7748"}],"curies":[{"name":"wp","href":"https:\/\/api.w.org\/{rel}","templated":true}]}}